{"id":1,"date":"2020-03-06T02:52:41","date_gmt":"2020-03-06T02:52:41","guid":{"rendered":"http:\/\/oflad20082020.appwebstage.com\/?p=1"},"modified":"2020-08-26T08:35:30","modified_gmt":"2020-08-26T08:35:30","slug":"about-the-call-to-action","status":"publish","type":"post","link":"https:\/\/oaflad.org\/fr\/about-the-call-to-action\/","title":{"rendered":"\u00c0 propos de l'appel \u00e0 l'action"},"content":{"rendered":"<section class=\"container-wrap  main-color\"  style=\"padding-top:40px;padding-bottom:40px\" ><div class=\"section-container container\"><div class=\"vc_row wpb_row vc_row-fluid row\"><div class=\"wpb_column vc_column_container vc_col-sm-12\"><div class=\"vc_column-inner\"><div class=\"wpb_wrapper\">\n\t<div class=\"kleo_text_column wpb_text_column wpb_content_element\" >\n\t\t<div class=\"wpb_wrapper\">\n\t\t\t<p><strong><em><img loading=\"lazy\" decoding=\"async\" class=\"size-medium wp-image-2951 alignleft\" src=\"http:\/\/oflad20082020.appwebstage.com\/wp-content\/uploads\/2020\/03\/OAFLAD-President-225x300.jpg\" alt=\"\" width=\"225\" height=\"300\" srcset=\"https:\/\/oaflad.org\/wp-content\/uploads\/2020\/03\/OAFLAD-President-225x300.jpg 225w, https:\/\/oaflad.org\/wp-content\/uploads\/2020\/03\/OAFLAD-President-768x1024.jpg 768w, https:\/\/oaflad.org\/wp-content\/uploads\/2020\/03\/OAFLAD-President-300x400.jpg 300w, https:\/\/oaflad.org\/wp-content\/uploads\/2020\/03\/OAFLAD-President-9x12.jpg 9w, https:\/\/oaflad.org\/wp-content\/uploads\/2020\/03\/OAFLAD-President-800x1067.jpg 800w, https:\/\/oaflad.org\/wp-content\/uploads\/2020\/03\/OAFLAD-President-198x265.jpg 198w, https:\/\/oaflad.org\/wp-content\/uploads\/2020\/03\/OAFLAD-President-672x896.jpg 672w, https:\/\/oaflad.org\/wp-content\/uploads\/2020\/03\/OAFLAD-President-480x640.jpg 480w, https:\/\/oaflad.org\/wp-content\/uploads\/2020\/03\/OAFLAD-President-75x100.jpg 75w, https:\/\/oaflad.org\/wp-content\/uploads\/2020\/03\/OAFLAD-President.jpg 810w\" sizes=\"(max-width: 225px) 100vw, 225px\" \/>Message from the President of OAFLAD: H.E Madam Antoinette Sassou-Nguesso First Lady of the Republic of Congo, on the occasion of International Women\u2019s Day.<\/em><\/strong><\/p>\n<p>Lors de la r\u00e9union de haut niveau sur les maladies non transmissibles \u00e0 l'Assembl\u00e9e g\u00e9n\u00e9rale des Nations unies en 2018, mon pr\u00e9d\u00e9cesseur, Son Excellence Madame Sika Kabor\u00e9, Premi\u00e8re Dame du Burkina Faso, a lanc\u00e9 la vision d'une feuille de route de l'OAFLAD pour lutter contre les cancers f\u00e9minins en Afrique.<\/p>\n<p>L'OAFLAD a poursuivi son travail en 2019, avec une s\u00e9rie d'ateliers nationaux au Ghana, au Kenya et en Zambie et une collaboration avec l'Union internationale pour la lutte contre le cancer (UICC) sur un partenariat africain francophone.<\/p>\n<p>Nous sommes impatients de partager notre feuille de route sur les cancers f\u00e9minins de l'OAFLAD lors d'une session d\u00e9di\u00e9e au prochain Congr\u00e8s mondial sur le cancer 2020, qui se tiendra \u00e0 Mascate, Oman, du 1er au 4 octobre.<\/p>\n<p>Pourquoi ?<\/p>\n<p>Les cancers du sein et du col de l'ut\u00e9rus dominent le paysage du cancer en Afrique. Le cancer du sein est le type de cancer le plus souvent diagnostiqu\u00e9, avec environ 168 690 nouveaux cas en 2018, et la principale cause de cancer chez les femmes dans 30 des 54 pays africains. Le cancer du col de l'ut\u00e9rus est le deuxi\u00e8me cancer le plus fr\u00e9quent et la premi\u00e8re cause de d\u00e9c\u00e8s par cancer chez les femmes africaines, en t\u00eate du classement dans 24 des 54 pays. En 2018, on estime \u00e0 119,92 le nombre de nouveaux cas diagnostiqu\u00e9s (Ferlay et al. 2018).<\/p>\n<p><!-- \/wp:paragraph --><\/p>\n\n\t\t<\/div>\n\t<\/div><\/div><\/div><\/div><\/div><\/div><\/section><!-- end section --><section class=\"container-wrap  main-color\"  style=\"padding-top:40px;padding-bottom:40px\" ><div class=\"section-container container\"><div class=\"vc_row wpb_row vc_row-fluid row\"><div class=\"wpb_column vc_column_container vc_col-sm-6\"><div class=\"vc_column-inner\"><div class=\"wpb_wrapper\"><div class=\"wpb_single_image wpb_content_element vc_align_left\"><figure class=\"wpb_wrapper vc_figure\"><div class=\"vc_single_image-wrapper   vc_box_border_grey\"><img loading=\"lazy\" decoding=\"async\" width=\"537\" height=\"547\" src=\"https:\/\/oaflad.org\/wp-content\/uploads\/2020\/08\/Cancer-awareness-OAFLAD.png\" class=\"vc_single_image-img attachment-full\" alt=\"\" srcset=\"https:\/\/oaflad.org\/wp-content\/uploads\/2020\/08\/Cancer-awareness-OAFLAD.png 537w, https:\/\/oaflad.org\/wp-content\/uploads\/2020\/08\/Cancer-awareness-OAFLAD-295x300.png 295w, https:\/\/oaflad.org\/wp-content\/uploads\/2020\/08\/Cancer-awareness-OAFLAD-12x12.png 12w, https:\/\/oaflad.org\/wp-content\/uploads\/2020\/08\/Cancer-awareness-OAFLAD-480x489.png 480w, https:\/\/oaflad.org\/wp-content\/uploads\/2020\/08\/Cancer-awareness-OAFLAD-98x100.png 98w\" sizes=\"(max-width: 537px) 100vw, 537px\" title=\"Sensibilisation au cancer OAFLAD\" \/><\/div><\/figure><\/div>\n\t<div class=\"kleo_text_column wpb_text_column wpb_content_element\" >\n\t\t<div class=\"wpb_wrapper\">\n\t\t\t<p>Figure : Le cancer en Afrique subsaharienne Volume III<br \/>\nD.M: Parkin et al. 2019 UICC<\/p>\n\n\t\t<\/div>\n\t<\/div><\/div><\/div><\/div><div class=\"wpb_column vc_column_container vc_col-sm-6\"><div class=\"vc_column-inner\"><div class=\"wpb_wrapper\">\n\t<div class=\"kleo_text_column wpb_text_column wpb_content_element\" >\n\t\t<div class=\"wpb_wrapper\">\n\t\t\t<ul>\n<li>Plus d'un tiers des d\u00e9c\u00e8s dus au cancer du col de l'ut\u00e9rus dans le monde se produisent en Afrique subsaharienne, bien que cette r\u00e9gion ne repr\u00e9sente que 14 % de la population f\u00e9minine mondiale.<\/li>\n<li>La survie des femmes diagnostiqu\u00e9es avec un cancer du sein en Afrique subsaharienne d\u00e9limite \u00e9galement les in\u00e9galit\u00e9s auxquelles nous devons faire face dans notre r\u00e9gion. Selon l'Atlas du cancer 2020, les femmes vivant dans les pays \u00e0 IDH peuvent b\u00e9n\u00e9ficier de taux de survie 50 % plus \u00e9lev\u00e9s que les femmes r\u00e9sidant dans les pays \u00e0 IDL.<\/li>\n<\/ul>\n<p>\u00c0 l'occasion de la Journ\u00e9e internationale de la femme, nous lan\u00e7ons un appel \u00e0 l'action sp\u00e9cifique en partenariat avec l'Organisation africaine pour la recherche et le traitement du cancer (AORTIC) et d'autres partisans. Nous appelons toutes les parties prenantes \u00e0 souscrire \u00e0 l'ambition mondiale d'acc\u00e9l\u00e9rer les actions nationales visant \u00e0 \u00e9liminer le cancer du col de l'ut\u00e9rus en tant que probl\u00e8me de sant\u00e9 publique.<\/p>\n<p>Appel \u00e0 un changement radical dans la lutte contre le cancer en Afrique<\/p>\n<p>Les femmes, les enfants et les adolescents portent le plus lourd fardeau de la mauvaise sant\u00e9 et des d\u00e9c\u00e8s \u00e9vitables, y compris le cancer, ce qui aggrave encore le foss\u00e9 mondial entre les pays riches et les pays pauvres en mati\u00e8re d'incidence et de mortalit\u00e9 des maladies non transmissibles et du cancer. R\u00e9pondre \u00e0 leurs besoins en donnant la priorit\u00e9 \u00e0 la pr\u00e9vention, au diagnostic pr\u00e9coce et au traitement en temps utile des cancers prioritaires est essentiel pour atteindre la couverture maladie universelle (CSU) ; nous appelons tous les chefs d'\u00c9tat \u00e0 prendre des mesures nationales align\u00e9es sur les objectifs mondiaux de lutte contre les maladies non transmissibles pour 2025 et sur les objectifs de d\u00e9veloppement durable pour 2030.<\/p>\n<p>Nous voulons que toutes les femmes, tous les enfants et tous les adolescents africains aient la possibilit\u00e9 d'acc\u00e9der aux services de canc\u00e9rologie qui leur sauveront la vie, avec une protection financi\u00e8re qui minimise les d\u00e9penses catastrophiques qui plongent tant de familles dans la pauvret\u00e9 ou qui les y maintiennent. Personne ne devrait avoir \u00e0 choisir entre recevoir un traitement salvateur et mettre de la nourriture sur la table.<\/p>\n\n\t\t<\/div>\n\t<\/div><\/div><\/div><\/div><\/div><\/div><\/section><!-- end section --><section class=\"container-wrap  main-color\"  style=\"padding-top:40px;padding-bottom:40px\" ><div class=\"section-container container\"><div class=\"vc_row wpb_row vc_row-fluid row\"><div class=\"wpb_column vc_column_container vc_col-sm-12\"><div class=\"vc_column-inner\"><div class=\"wpb_wrapper\">\n\t<div class=\"kleo_text_column wpb_text_column wpb_content_element\" >\n\t\t<div class=\"wpb_wrapper\">\n\t\t\t<p>Le plan d'action mondial de l'OMS contre le cancer et d'autres maladies non transmissibles d\u00e9finit les actions prioritaires pour pr\u00e9venir et combattre le cancer sur la base d'une efficacit\u00e9 et d'une rentabilit\u00e9 av\u00e9r\u00e9es. Les actions concernant\u00a0<strong>sein, col de l'ut\u00e9rus<\/strong>\u00a0et les cancers les plus courants\u00a0<strong>chez les enfants\u00a0<\/strong>sont inclus car ces cancers peuvent \u00eatre d\u00e9tect\u00e9s pr\u00e9cocement et trait\u00e9s, voire gu\u00e9ris. Le drame est que ces solutions recommand\u00e9es par l'OMS sont\u00a0<u>non<\/u>\u00a0disponibles et abordables pour les Africains les plus d\u00e9munis, les femmes et les enfants vivant dans les pays \u00e0 faibles et moyens revenus. Le foss\u00e9 entre les riches et les pauvres entre les pays, et \u00e0 l'int\u00e9rieur des pays, est \u00e0 l'origine d'in\u00e9galit\u00e9s inacceptables.<\/p>\n<p>Agir d\u00e8s maintenant sur ces cancers prioritaires permettra de sauver des vies et contribuera aux objectifs de d\u00e9veloppement durable et \u00e0 l'objectif sanitaire 3.4 de r\u00e9duction de 30 % de la mortalit\u00e9 due au cancer et aux autres maladies non transmissibles.<\/p>\n<p>Nous appelons tous les pays africains \u00e0 :<\/p>\n<ul>\n<li><strong>S'efforcer\u00a0<\/strong>d'atteindre l'objectif de 60% de taux de survie pour les enfants atteints de cancer d'ici 2030, fix\u00e9 dans l'Initiative mondiale de l'OMS contre le cancer chez les enfants<sup>3<\/sup><\/li>\n<li><strong>commencer<\/strong>\u00a0par le mois d'octobre, mois mondial de sensibilisation au cancer du sein, afin de sensibiliser la communaut\u00e9, de r\u00e9duire la stigmatisation et de faire en sorte que les maladies avanc\u00e9es aient une part de voix<sup>4<\/sup><\/li>\n<li><strong>Intensifier et arr\u00eater,<\/strong>le cancer du col de l'ut\u00e9rus, en agissant de mani\u00e8re d\u00e9cisive pour une r\u00e9ponse nationale aux objectifs d'\u00e9limination 90:70:90 de la nouvelle strat\u00e9gie mondiale de l'OMS pour l'\u00e9limination du cancer du col de l'ut\u00e9rus et nous mettre sur la voie de la r\u00e9duction de cette fracture.<\/li>\n<\/ul>\n<p>La traduction de ces initiatives mondiales en actions nationales sur l'ensemble du continent africain permettra<\/p>\n<ul>\n<li>donner une impulsion\u00a0<strong>\u00e0 l'int\u00e9gration des services de lutte contre le cancer<\/strong>\u00a0avec ceux de la sant\u00e9 infantile, sexuelle et reproductive et du VIH ;<\/li>\n<li><strong>renforcer les connaissances sur le cancer<\/strong>\u00a0dans les communaut\u00e9s, en r\u00e9duisant la stigmatisation et en changeant les attitudes qui sont souvent un obstacle pour les personnes cherchant de l'aide pour des sympt\u00f4mes qui pourraient \u00eatre un cancer et<\/li>\n<li><strong>renforcer les syst\u00e8mes de sant\u00e9<\/strong>\u00a0en dotant les pays d'agents de sant\u00e9 communautaires bien inform\u00e9s et de solides fili\u00e8res d'orientation. Ces mesures permettent de ne pas perdre un temps pr\u00e9cieux \u00e0 mettre en relation les femmes et les enfants atteints d'un cancer avec un diagnostic de confirmation et un traitement opportun qui peuvent leur donner la possibilit\u00e9 de vaincre ces cancers et de r\u00e9duire les souffrances et douleurs inutiles et inexprim\u00e9es que signifie la mort d'un cancer dans de trop nombreux pays.<\/li>\n<\/ul>\n<p><strong>En septembre 2019, la r\u00e9union de haut niveau des Nations unies<em>Couverture maladie universelle :<\/em><\/strong><em>\u00a0Agir ensemble pour construire un monde plus sain\".<\/em>a rassembl\u00e9 des chefs d'\u00c9tat, des dirigeants politiques et sanitaires, des d\u00e9cideurs et des champions de la couverture maladie universelle pour plaider en faveur de la sant\u00e9 pour tous et sans laisser personne de c\u00f4t\u00e9. Nous demandons instamment \u00e0 toutes les parties prenantes de prendre des mesures ayant un impact afin que, lors de la r\u00e9union de suivi de haut niveau sur les CHU pr\u00e9vue en 2023, nous ayons de r\u00e9els progr\u00e8s \u00e0 signaler dans tous nos pays.<\/p>\n<p><strong>Rejoignez-nous et exprimez votre engagement \u00e0 travailler avec nous pour atteindre les objectifs de 2022, 2025 et 2030.<\/strong><\/p>\n<p>Nous n'avons pas de temps \u00e0 perdre. L'Afrique est le pays le plus lourdement touch\u00e9, en particulier par la co-infection VIH-VPH, qui est \u00e0 l'origine de ce fardeau, qui devrait doubler d'ici 2040 si nous n'agissons pas. Toutefois, nos communaut\u00e9s sont \u00e9galement les mieux plac\u00e9es pour b\u00e9n\u00e9ficier des premiers effets de l'acc\u00e9l\u00e9ration de la r\u00e9alisation des objectifs 90:70:90 de la strat\u00e9gie mondiale de l'OMS.<\/p>\n<p>Nous appelons tous les dirigeants africains \u00e0 faire face au fardeau croissant du cancer du col de l'ut\u00e9rus chez nos m\u00e8res, nos s\u0153urs et nos filles. Il n'est pas n\u00e9cessaire qu'il en soit ainsi - le cancer du col de l'ut\u00e9rus est un cancer que l'on peut pr\u00e9venir et traiter. S'attaquer au probl\u00e8me du cancer du col de l'ut\u00e9rus est une condition pr\u00e9alable pour rem\u00e9dier aux in\u00e9galit\u00e9s sociales et \u00e9conomiques de notre soci\u00e9t\u00e9, stimuler la croissance \u00e9conomique et contribuer au d\u00e9veloppement durable.<\/p>\n<p>L'appel \u00e0 l'action est disponible en anglais, fran\u00e7ais et portugais :<a href=\"http:\/\/oflad20082020.appwebstage.com\/wp-content\/uploads\/2020\/08\/OAFLAD_AORTIC-Call-to-Action-on-elimination-FINAL-w-logos_ENG.pdf\">Ici<\/a><a href=\"http:\/\/chng.it\/JWZqVbvsY7\"><br \/>\n<\/a><br \/>\nMontrez votre soutien en signant notre p\u00e9tition<a href=\"http:\/\/chng.it\/JWZqVbvsY7\">.\u00a0 <\/a><a href=\"https:\/\/aortic-africa.org\/latest-news\/\">Visitez la page web de l'AORTIC<\/a><\/p>\n<p><!-- \/wp:paragraph --><\/p>\n\n\t\t<\/div>\n\t<\/div><\/div><\/div><\/div><\/div><\/div><\/section><!-- end section --><\/p>","protected":false},"excerpt":{"rendered":"<p>Lors de la r\u00e9union de haut niveau sur les maladies non transmissibles \u00e0 l'Assembl\u00e9e g\u00e9n\u00e9rale des Nations unies en 2018, mon pr\u00e9d\u00e9cesseur, Son Excellence Madame Sika Kabor\u00e9, Premi\u00e8re Dame du Burkina Faso, a lanc\u00e9 la vision d'une feuille de route de l'OAFLAD pour lutter contre les cancers f\u00e9minins en Afrique.<\/p>","protected":false},"author":1,"featured_media":2953,"comment_status":"closed","ping_status":"closed","sticky":false,"template":"","format":"standard","meta":{"_bbp_topic_count":0,"_bbp_reply_count":0,"_bbp_total_topic_count":0,"_bbp_total_reply_count":0,"_bbp_voice_count":0,"_bbp_anonymous_reply_count":0,"_bbp_topic_count_hidden":0,"_bbp_reply_count_hidden":0,"_bbp_forum_subforum_count":0,"footnotes":""},"categories":[62],"tags":[],"acf":[],"_links":{"self":[{"href":"https:\/\/oaflad.org\/fr\/wp-json\/wp\/v2\/posts\/1"}],"collection":[{"href":"https:\/\/oaflad.org\/fr\/wp-json\/wp\/v2\/posts"}],"about":[{"href":"https:\/\/oaflad.org\/fr\/wp-json\/wp\/v2\/types\/post"}],"author":[{"embeddable":true,"href":"https:\/\/oaflad.org\/fr\/wp-json\/wp\/v2\/users\/1"}],"replies":[{"embeddable":true,"href":"https:\/\/oaflad.org\/fr\/wp-json\/wp\/v2\/comments?post=1"}],"version-history":[{"count":2,"href":"https:\/\/oaflad.org\/fr\/wp-json\/wp\/v2\/posts\/1\/revisions"}],"predecessor-version":[{"id":3254,"href":"https:\/\/oaflad.org\/fr\/wp-json\/wp\/v2\/posts\/1\/revisions\/3254"}],"wp:featuredmedia":[{"embeddable":true,"href":"https:\/\/oaflad.org\/fr\/wp-json\/wp\/v2\/media\/2953"}],"wp:attachment":[{"href":"https:\/\/oaflad.org\/fr\/wp-json\/wp\/v2\/media?parent=1"}],"wp:term":[{"taxonomy":"category","embeddable":true,"href":"https:\/\/oaflad.org\/fr\/wp-json\/wp\/v2\/categories?post=1"},{"taxonomy":"post_tag","embeddable":true,"href":"https:\/\/oaflad.org\/fr\/wp-json\/wp\/v2\/tags?post=1"}],"curies":[{"name":"wp","href":"https:\/\/api.w.org\/{rel}","templated":true}]}}