{"id":4548,"date":"2022-07-25T13:12:37","date_gmt":"2022-07-25T13:12:37","guid":{"rendered":"https:\/\/oaflad.org\/?p=4548"},"modified":"2022-07-26T09:46:08","modified_gmt":"2022-07-26T09:46:08","slug":"llaunch-of-the-education-plus-initiative-by-african-heads-of-state-lusaka-zambia-17-july-2022","status":"publish","type":"post","link":"https:\/\/oaflad.org\/fr\/llaunch-of-the-education-plus-initiative-by-african-heads-of-state-lusaka-zambia-17-july-2022\/","title":{"rendered":"Lancement de l'initiative Education Plus par les chefs d'\u00c9tat africains\nLusaka, Zambie\n17 juillet 2022"},"content":{"rendered":"<section class=\"container-wrap  main-color\"  style=\"padding-top:40px;padding-bottom:40px\" ><div class=\"section-container container\"><div class=\"vc_row wpb_row vc_row-fluid row\"><div class=\"wpb_column vc_column_container vc_col-sm-12\"><div class=\"vc_column-inner\"><div class=\"wpb_wrapper\">\n\t<div class=\"kleo_text_column wpb_text_column wpb_content_element\" >\n\t\t<div class=\"wpb_wrapper\">\n\t\t\t<p>Les dirigeants africains r\u00e9unis lors de la 4e r\u00e9union de coordination semestrielle de l'Union africaine ont approuv\u00e9 l'initiative Education Plus et ont promis leur soutien lors de son lancement continental \u00e0 Lusaka, en Zambie.<\/p>\n<p><img loading=\"lazy\" decoding=\"async\" class=\"wp-image-4549 alignleft\" src=\"https:\/\/oaflad.org\/wp-content\/uploads\/2022\/07\/Edu-Launch-Lusaka-Zambia-35-min-scaled-e1658753218662-228x300.jpg\" alt=\"\" width=\"121\" height=\"159\" srcset=\"https:\/\/oaflad.org\/wp-content\/uploads\/2022\/07\/Edu-Launch-Lusaka-Zambia-35-min-scaled-e1658753218662-228x300.jpg 228w, https:\/\/oaflad.org\/wp-content\/uploads\/2022\/07\/Edu-Launch-Lusaka-Zambia-35-min-scaled-e1658753218662-778x1024.jpg 778w, https:\/\/oaflad.org\/wp-content\/uploads\/2022\/07\/Edu-Launch-Lusaka-Zambia-35-min-scaled-e1658753218662-768x1010.jpg 768w, https:\/\/oaflad.org\/wp-content\/uploads\/2022\/07\/Edu-Launch-Lusaka-Zambia-35-min-scaled-e1658753218662-9x12.jpg 9w, https:\/\/oaflad.org\/wp-content\/uploads\/2022\/07\/Edu-Launch-Lusaka-Zambia-35-min-scaled-e1658753218662-672x884.jpg 672w, https:\/\/oaflad.org\/wp-content\/uploads\/2022\/07\/Edu-Launch-Lusaka-Zambia-35-min-scaled-e1658753218662-480x631.jpg 480w, https:\/\/oaflad.org\/wp-content\/uploads\/2022\/07\/Edu-Launch-Lusaka-Zambia-35-min-scaled-e1658753218662.jpg 992w\" sizes=\"(max-width: 121px) 100vw, 121px\" \/>S.E. M. Macky Sall, Pr\u00e9sident de la R\u00e9publique du S\u00e9n\u00e9gal et Pr\u00e9sident de l'Union Africaine qui a lanc\u00e9 l'initiative a d\u00e9clar\u00e9 : \u00ab C'est un plaisir pour moi de me joindre \u00e0 vous \u00e0 l'occasion de la c\u00e9r\u00e9monie de lancement de l'\u00ab Initiative Education Plus \u00bb continentale sous la houlette du Organisation des Premi\u00e8res Dames d'Afrique (OAFLAD) en soutien aux enfants et aux jeunes filles en particulier \u00bb, Il a \u00e9galement indiqu\u00e9 qu' \u00ab Il est n\u00e9cessaire d'agir pour promouvoir les droits et l'autonomie des femmes, pour lutter contre la discrimination et la violence auxquelles les filles et les femmes sont confront\u00e9es. Nous devons lutter contre l'in\u00e9galit\u00e9 entre les sexes \u00e0 toutes les \u00e9tapes de la vie. Au niveau continental, les \u00c9tats membres de l'UA se sont engag\u00e9s \u00e0 acc\u00e9l\u00e9rer la mise en \u0153uvre de mesures \u00e9conomiques, sociales et juridiques sexosp\u00e9cifiques visant \u00e0 lutter contre la pand\u00e9mie de VIH\/sida en adoptant divers cadres politiques et juridiques, dont le Protocole de Maputo.<\/p>\n<p><img loading=\"lazy\" decoding=\"async\" class=\"wp-image-4550 alignright\" src=\"https:\/\/oaflad.org\/wp-content\/uploads\/2022\/07\/Edu-Launch-Lusaka-Zambia-28-min-scaled-e1658753350519-300x223.jpg\" alt=\"\" width=\"171\" height=\"127\" srcset=\"https:\/\/oaflad.org\/wp-content\/uploads\/2022\/07\/Edu-Launch-Lusaka-Zambia-28-min-scaled-e1658753350519-300x223.jpg 300w, https:\/\/oaflad.org\/wp-content\/uploads\/2022\/07\/Edu-Launch-Lusaka-Zambia-28-min-scaled-e1658753350519-1024x762.jpg 1024w, https:\/\/oaflad.org\/wp-content\/uploads\/2022\/07\/Edu-Launch-Lusaka-Zambia-28-min-scaled-e1658753350519-768x572.jpg 768w, https:\/\/oaflad.org\/wp-content\/uploads\/2022\/07\/Edu-Launch-Lusaka-Zambia-28-min-scaled-e1658753350519-1536x1143.jpg 1536w, https:\/\/oaflad.org\/wp-content\/uploads\/2022\/07\/Edu-Launch-Lusaka-Zambia-28-min-scaled-e1658753350519-16x12.jpg 16w, https:\/\/oaflad.org\/wp-content\/uploads\/2022\/07\/Edu-Launch-Lusaka-Zambia-28-min-scaled-e1658753350519-40x30.jpg 40w, https:\/\/oaflad.org\/wp-content\/uploads\/2022\/07\/Edu-Launch-Lusaka-Zambia-28-min-scaled-e1658753350519-320x240.jpg 320w, https:\/\/oaflad.org\/wp-content\/uploads\/2022\/07\/Edu-Launch-Lusaka-Zambia-28-min-scaled-e1658753350519-672x500.jpg 672w, https:\/\/oaflad.org\/wp-content\/uploads\/2022\/07\/Edu-Launch-Lusaka-Zambia-28-min-scaled-e1658753350519-1038x773.jpg 1038w, https:\/\/oaflad.org\/wp-content\/uploads\/2022\/07\/Edu-Launch-Lusaka-Zambia-28-min-scaled-e1658753350519-480x357.jpg 480w, https:\/\/oaflad.org\/wp-content\/uploads\/2022\/07\/Edu-Launch-Lusaka-Zambia-28-min-scaled-e1658753350519.jpg 1753w\" sizes=\"(max-width: 171px) 100vw, 171px\" \/>A l'occasion, le Pr\u00e9sident de la R\u00e9publique de Zambie, S.E. M. Hakainde Hichilema a d\u00e9clar\u00e9 : \u00ab Mon gouvernement s'est engag\u00e9 \u00e0 fournir un enseignement primaire et secondaire gratuit pour tous \u00bb, il a \u00e9galement not\u00e9 que \u00ab L'\u00e9ducation est le plus grand \u00e9galisateur et avec une \u00e9ducation appropri\u00e9e, chacun a la possibilit\u00e9 d'explorer son plein potentiel et de pouvoir participer au processus de d\u00e9veloppement. L'acc\u00e8s \u00e0 l'\u00e9ducation autonomise les filles et les gar\u00e7ons car il am\u00e9liore leur capacit\u00e9 \u00e0 acc\u00e9der \u00e0 des emplois d\u00e9cents et \u00e0 d'autres moyens de production, r\u00e9duisant ainsi la pauvret\u00e9.<\/p>\n<p><img loading=\"lazy\" decoding=\"async\" class=\"wp-image-4551 alignleft\" src=\"https:\/\/oaflad.org\/wp-content\/uploads\/2022\/07\/Edu-Launch-Lusaka-Zambia-23-min-300x200.jpg\" alt=\"\" width=\"173\" height=\"115\" srcset=\"https:\/\/oaflad.org\/wp-content\/uploads\/2022\/07\/Edu-Launch-Lusaka-Zambia-23-min-300x200.jpg 300w, https:\/\/oaflad.org\/wp-content\/uploads\/2022\/07\/Edu-Launch-Lusaka-Zambia-23-min-1024x684.jpg 1024w, https:\/\/oaflad.org\/wp-content\/uploads\/2022\/07\/Edu-Launch-Lusaka-Zambia-23-min-768x513.jpg 768w, https:\/\/oaflad.org\/wp-content\/uploads\/2022\/07\/Edu-Launch-Lusaka-Zambia-23-min-391x260.jpg 391w, https:\/\/oaflad.org\/wp-content\/uploads\/2022\/07\/Edu-Launch-Lusaka-Zambia-23-min-1536x1026.jpg 1536w, https:\/\/oaflad.org\/wp-content\/uploads\/2022\/07\/Edu-Launch-Lusaka-Zambia-23-min-2048x1368.jpg 2048w, https:\/\/oaflad.org\/wp-content\/uploads\/2022\/07\/Edu-Launch-Lusaka-Zambia-23-min-18x12.jpg 18w, https:\/\/oaflad.org\/wp-content\/uploads\/2022\/07\/Edu-Launch-Lusaka-Zambia-23-min-672x449.jpg 672w, https:\/\/oaflad.org\/wp-content\/uploads\/2022\/07\/Edu-Launch-Lusaka-Zambia-23-min-1038x693.jpg 1038w, https:\/\/oaflad.org\/wp-content\/uploads\/2022\/07\/Edu-Launch-Lusaka-Zambia-23-min-480x321.jpg 480w\" sizes=\"(max-width: 173px) 100vw, 173px\" \/>Le lancement a \u00e9t\u00e9 organis\u00e9 en partenariat avec l'UNADIS et organis\u00e9 par la Premi\u00e8re Dame de Zambie, S.E. Mutinta Hichilema. A l'occasion, la Directrice ex\u00e9cutive de l'ONUSIDA, Winnie Byanyima a d\u00e9clar\u00e9 \"Nous faisons des progr\u00e8s en Afrique mais pas assez vite\", Elle a \u00e9galement not\u00e9 que \"Nous devons nous attaquer de toute urgence aux in\u00e9galit\u00e9s entre les sexes qui affligent encore le continent, avec des impacts d\u00e9vastateurs sur les pauvres\". filles et jeunes femmes. Nous n'avons pas une minute \u00e0 attendre. En travaillant ensemble, nous pouvons tous mettre fin aux lois discriminatoires et aux normes sociales n\u00e9fastes, afin que nos filles soient en bonne sant\u00e9, \u00e9duqu\u00e9es et autonomes et puissent faire avancer notre continent, l'Afrique.<\/p>\n<p><img loading=\"lazy\" decoding=\"async\" class=\"wp-image-4555 alignright\" src=\"https:\/\/oaflad.org\/wp-content\/uploads\/2022\/07\/Edu-Launch-Lusaka-Zambia-18-min-3-scaled-e1658754348965-300x178.jpg\" alt=\"\" width=\"175\" height=\"104\" srcset=\"https:\/\/oaflad.org\/wp-content\/uploads\/2022\/07\/Edu-Launch-Lusaka-Zambia-18-min-3-scaled-e1658754348965-300x178.jpg 300w, https:\/\/oaflad.org\/wp-content\/uploads\/2022\/07\/Edu-Launch-Lusaka-Zambia-18-min-3-scaled-e1658754348965-1024x609.jpg 1024w, https:\/\/oaflad.org\/wp-content\/uploads\/2022\/07\/Edu-Launch-Lusaka-Zambia-18-min-3-scaled-e1658754348965-768x457.jpg 768w, https:\/\/oaflad.org\/wp-content\/uploads\/2022\/07\/Edu-Launch-Lusaka-Zambia-18-min-3-scaled-e1658754348965-1536x914.jpg 1536w, https:\/\/oaflad.org\/wp-content\/uploads\/2022\/07\/Edu-Launch-Lusaka-Zambia-18-min-3-scaled-e1658754348965-18x12.jpg 18w, https:\/\/oaflad.org\/wp-content\/uploads\/2022\/07\/Edu-Launch-Lusaka-Zambia-18-min-3-scaled-e1658754348965-672x400.jpg 672w, https:\/\/oaflad.org\/wp-content\/uploads\/2022\/07\/Edu-Launch-Lusaka-Zambia-18-min-3-scaled-e1658754348965-1038x618.jpg 1038w, https:\/\/oaflad.org\/wp-content\/uploads\/2022\/07\/Edu-Launch-Lusaka-Zambia-18-min-3-scaled-e1658754348965-480x286.jpg 480w, https:\/\/oaflad.org\/wp-content\/uploads\/2022\/07\/Edu-Launch-Lusaka-Zambia-18-min-3-scaled-e1658754348965.jpg 1990w\" sizes=\"(max-width: 175px) 100vw, 175px\" \/>A l'occasion, Mme Leyla Gozo, Secr\u00e9taire ex\u00e9cutive de l'Organisation des premi\u00e8res dames d'Afrique pour le d\u00e9veloppement, a d\u00e9clar\u00e9 : \u00ab Nous pr\u00eatons notre voix \u00e0 l'appel transformateur pour une \u00e9ducation inclusive en Afrique \u00bb, a d\u00e9clar\u00e9 : \u00ab Les premi\u00e8res dames sont particuli\u00e8rement bien plac\u00e9es pour amplifier cette initiative.\u201d\nAu cours des 20 derni\u00e8res ann\u00e9es, les Premi\u00e8res Dames d'Afrique ont jou\u00e9 un r\u00f4le essentiel dans la sensibilisation et la mobilisation des engagements politiques envers le programme plus large de sant\u00e9 et de d\u00e9veloppement par le biais de leur organisation, l'OPDAD. Ce r\u00e9seau de Premi\u00e8res Dames a r\u00e9uni plus de la moiti\u00e9 des Premi\u00e8res Dames du continent pour s'unir pour d\u00e9fendre les droits des plus vuln\u00e9rables d'entre eux.\nL'enseignement secondaire pr\u00e9sente de multiples avantages, notamment l'augmentation de leur potentiel de revenus \u00e9conomiques, la r\u00e9duction du risque de contracter le VIH et la satisfaction de leurs besoins. L'Afrique en particulier, les femmes et les enfants. Les Premi\u00e8res dames africaines ont collabor\u00e9 avec l'Union africaine pour concevoir des campagnes qui acc\u00e9l\u00e8rent la mise en \u0153uvre des programmes dans les cadres politiques de l'Union africaine.<br \/>\nFor the last 20 years, African First Ladies have been playing a vital role in building awareness and harnessing political commitments to the broader health and development agenda through their organization, OAFLAD. This network of First Ladies has brought together more than half of the continent \u2018s First Ladies to join hands to advocate for the rights of the most vulnerable of<br \/>\nSecondary education has multiple benefits, including increasing their economic earning potential, reducing risk of acquiring HIV and fulfilling their needs. Africa particularly, women and children. African First Ladies have been collaborating with the African Union in designing campaigns that accelerate the implementation of programs within the African Union policy frameworks.<\/p>\n<p><img loading=\"lazy\" decoding=\"async\" class=\"size-medium wp-image-4557 aligncenter\" src=\"https:\/\/oaflad.org\/wp-content\/uploads\/2022\/07\/cccc-300x169.jpg\" alt=\"\" width=\"300\" height=\"169\" srcset=\"https:\/\/oaflad.org\/wp-content\/uploads\/2022\/07\/cccc-300x169.jpg 300w, https:\/\/oaflad.org\/wp-content\/uploads\/2022\/07\/cccc-768x432.jpg 768w, https:\/\/oaflad.org\/wp-content\/uploads\/2022\/07\/cccc-18x10.jpg 18w, https:\/\/oaflad.org\/wp-content\/uploads\/2022\/07\/cccc-672x378.jpg 672w, https:\/\/oaflad.org\/wp-content\/uploads\/2022\/07\/cccc-480x270.jpg 480w, https:\/\/oaflad.org\/wp-content\/uploads\/2022\/07\/cccc.jpg 976w\" sizes=\"(max-width: 300px) 100vw, 300px\" \/><\/p>\n\n\t\t<\/div>\n\t<\/div><\/div><\/div><\/div><\/div><\/div><\/section><!-- end section -->","protected":false},"excerpt":{"rendered":"African Leaders meeting at the 4th mid-year coordination meeting of the Africa Union held have endorsed the Education Plus Initiative and pledged their support at its continental launch held in Lusaka, Zambia. H.E Mr Macky Sall, President of the Republic of Senegal and Chairperson of the Africa Union who launched the initiative said \u201cIt is my pleasure to join you [...]","protected":false},"author":1,"featured_media":4558,"comment_status":"closed","ping_status":"closed","sticky":false,"template":"","format":"standard","meta":{"_bbp_topic_count":0,"_bbp_reply_count":0,"_bbp_total_topic_count":0,"_bbp_total_reply_count":0,"_bbp_voice_count":0,"_bbp_anonymous_reply_count":0,"_bbp_topic_count_hidden":0,"_bbp_reply_count_hidden":0,"_bbp_forum_subforum_count":0,"footnotes":""},"categories":[62],"tags":[],"acf":[],"_links":{"self":[{"href":"https:\/\/oaflad.org\/fr\/wp-json\/wp\/v2\/posts\/4548"}],"collection":[{"href":"https:\/\/oaflad.org\/fr\/wp-json\/wp\/v2\/posts"}],"about":[{"href":"https:\/\/oaflad.org\/fr\/wp-json\/wp\/v2\/types\/post"}],"author":[{"embeddable":true,"href":"https:\/\/oaflad.org\/fr\/wp-json\/wp\/v2\/users\/1"}],"replies":[{"embeddable":true,"href":"https:\/\/oaflad.org\/fr\/wp-json\/wp\/v2\/comments?post=4548"}],"version-history":[{"count":5,"href":"https:\/\/oaflad.org\/fr\/wp-json\/wp\/v2\/posts\/4548\/revisions"}],"predecessor-version":[{"id":4579,"href":"https:\/\/oaflad.org\/fr\/wp-json\/wp\/v2\/posts\/4548\/revisions\/4579"}],"wp:featuredmedia":[{"embeddable":true,"href":"https:\/\/oaflad.org\/fr\/wp-json\/wp\/v2\/media\/4558"}],"wp:attachment":[{"href":"https:\/\/oaflad.org\/fr\/wp-json\/wp\/v2\/media?parent=4548"}],"wp:term":[{"taxonomy":"category","embeddable":true,"href":"https:\/\/oaflad.org\/fr\/wp-json\/wp\/v2\/categories?post=4548"},{"taxonomy":"post_tag","embeddable":true,"href":"https:\/\/oaflad.org\/fr\/wp-json\/wp\/v2\/tags?post=4548"}],"curies":[{"name":"wp","href":"https:\/\/api.w.org\/{rel}","templated":true}]}}